{"id":19817,"date":"2026-04-28T11:03:38","date_gmt":"2026-04-28T09:03:38","guid":{"rendered":"https:\/\/www.kulturwissenschaften.de\/?p=19817"},"modified":"2026-04-28T11:03:38","modified_gmt":"2026-04-28T09:03:38","slug":"empfehlungen-live-in-versorgung","status":"publish","type":"post","link":"https:\/\/www.kulturwissenschaften.de\/en\/empfehlungen-live-in-versorgung\/","title":{"rendered":"DFG-Projekt zur h\u00e4uslichen Betreuung von Menschen mit Demenz ver\u00f6ffentlicht Empfehlungen"},"content":{"rendered":"<p>Das von der Deutschen Forschungsgemeinschaft (DFG) gef\u00f6rderte Projekt TriaDe <a href=\"https:\/\/www.kulturwissenschaften.de\/projekt\/dfg-projekt-osteuropaeische-live-in-hilfen-in-haeuslichen-versorgungstriaden-bei-demenz\/\" target=\"_blank\" rel=\"noopener\">\u201eOsteurop\u00e4ische Live-In-Hilfen in h\u00e4uslichen Versorgungstriaden bei Demenz\u201c<\/a> ver\u00f6ffentlichte vergangene Woche ein <a href=\"https:\/\/nbn-resolving.org\/urn:nbn:de:gbv:715-oops-74910\" target=\"_blank\" rel=\"noopener\">Ergebnispapier<\/a> mit Empfehlungen zur k\u00fcnftigen Versorgung Demenzerkrankter in Deutschland. Unter anderem wurde das Papier an das Bundesministerium f\u00fcr Gesundheit \u00fcbermittelt.<\/p>\n<p>Im Rahmen einer <a href=\"https:\/\/www.kulturwissenschaften.de\/veranstaltung\/live-in-versorgung-zukunfts-oder-auslaufmodell\/\">Arbeitstagung<\/a> am KWI zur Zukunftsf\u00e4higkeit der Live-in-Versorgung von Demenzerkrankten erarbeiteten 35 Expert:innen aus Wissenschaft und Praxis diese Empfehlungen zur zuk\u00fcnftigen Ausgestaltung der Live-in-Versorgung in Deutschland.<\/p>\n<p>Das Papier ist \u00fcber diesen Link abrufbar: <a href=\"https:\/\/nbn-resolving.org\/urn:nbn:de:gbv:715-oops-74910\" target=\"_blank\" rel=\"noopener\">https:\/\/nbn-resolving.org\/urn:nbn:de:gbv:715-oops-74910<\/a><\/p>\n<p>H\u00f6ren Sie dazu auch ein Interview mit einer der Projektleiterinnen, Milena von Kutzleben, vom <a href=\"https:\/\/www.deutschlandfunkkultur.de\/live-in-versorgung-demenzkranker-forscher-erarbeiten-empfehlungen-100.html\" target=\"_blank\" rel=\"noopener\">27.04.2026 auf DLF Kultur<\/a>.<\/p>\n<p style=\"margin: 0cm;\">Das Projekt TriaDe \u201e<a href=\"https:\/\/www.kulturwissenschaften.de\/projekt\/dfg-projekt-osteuropaeische-live-in-hilfen-in-haeuslichen-versorgungstriaden-bei-demenz\/\" target=\"_blank\" rel=\"noopener\">Osteurop\u00e4ische Live-In Hilfen in h\u00e4uslichen Versorgungstriaden bei Demenz<\/a>\u201c untersucht seit 2023 die h\u00e4usliche Versorgung von Menschen mit Demenz durch osteurop\u00e4ische Live-in-Hilfen. Dabei arbeiten Kommunikationswissenschaftler:innen vom Kulturwissenschaftlichen Institut Essen (KWI) mit Pflegewissenschaftler:innen und Ethikwissenschaftler:innen der Carl von Ossietzky Universit\u00e4t Oldenburg zusammen.<\/p>\n<p style=\"margin: 0cm;\">ZITIERHINWEIS<br \/>\nBitte zitieren Sie dieses Papier wie folgt:<\/p>\n<p style=\"margin: 0cm;\">von Kutzleben, M. et al. (2026): Empfehlungen zur zuk\u00fcnftigen Ausgestaltung der Live-in-Versorgung in Deutschland. Ergebnispapier der Arbeitstagung \u201eLive-in-Versorgung: Zukunfts- oder Auslaufmodell\u201c vom 27.\u201328.11.2025 am Kulturwissenschaftlichen Institut Essen. S. 1\u20139. URN: <a href=\"http:\/\/nbn-resolving.org\/urn:nbn:de:gbv:715-oops-74910\" target=\"_blank\" rel=\"noopener\">http:\/\/nbn-resolving.org\/urn:nbn:de:gbv:715-oops-74910<\/a><\/p>\n","protected":false},"excerpt":{"rendered":"<p>Das von der Deutschen Forschungsgemeinschaft (DFG) gef\u00f6rderte Projekt TriaDe \u201eOsteurop\u00e4ische Live-In-Hilfen in h\u00e4uslichen Versorgungstriaden bei Demenz\u201c ver\u00f6ffentlichte vergangene Woche ein Ergebnispapier mit Empfehlungen zur k\u00fcnftigen Versorgung Demenzerkrankter in Deutschland. Unter anderem wurde das Papier an das Bundesministerium f\u00fcr Gesundheit \u00fcbermittelt. Im Rahmen einer Arbeitstagung am KWI zur Zukunftsf\u00e4higkeit der Live-in-Versorgung von Demenzerkrankten erarbeiteten 35 Expert:innen [&hellip;]<\/p>\n","protected":false},"author":154,"featured_media":19822,"comment_status":"closed","ping_status":"closed","sticky":false,"template":"","format":"standard","meta":{"_acf_changed":false,"footnotes":""},"categories":[47],"tags":[],"class_list":["post-19817","post","type-post","status-publish","format-standard","has-post-thumbnail","hentry","category-dialoge-zwischen-kultur-und-sozialwissenschaften"],"acf":[],"_links":{"self":[{"href":"https:\/\/www.kulturwissenschaften.de\/en\/wp-json\/wp\/v2\/posts\/19817","targetHints":{"allow":["GET"]}}],"collection":[{"href":"https:\/\/www.kulturwissenschaften.de\/en\/wp-json\/wp\/v2\/posts"}],"about":[{"href":"https:\/\/www.kulturwissenschaften.de\/en\/wp-json\/wp\/v2\/types\/post"}],"author":[{"embeddable":true,"href":"https:\/\/www.kulturwissenschaften.de\/en\/wp-json\/wp\/v2\/users\/154"}],"replies":[{"embeddable":true,"href":"https:\/\/www.kulturwissenschaften.de\/en\/wp-json\/wp\/v2\/comments?post=19817"}],"version-history":[{"count":3,"href":"https:\/\/www.kulturwissenschaften.de\/en\/wp-json\/wp\/v2\/posts\/19817\/revisions"}],"predecessor-version":[{"id":19831,"href":"https:\/\/www.kulturwissenschaften.de\/en\/wp-json\/wp\/v2\/posts\/19817\/revisions\/19831"}],"wp:featuredmedia":[{"embeddable":true,"href":"https:\/\/www.kulturwissenschaften.de\/en\/wp-json\/wp\/v2\/media\/19822"}],"wp:attachment":[{"href":"https:\/\/www.kulturwissenschaften.de\/en\/wp-json\/wp\/v2\/media?parent=19817"}],"wp:term":[{"taxonomy":"category","embeddable":true,"href":"https:\/\/www.kulturwissenschaften.de\/en\/wp-json\/wp\/v2\/categories?post=19817"},{"taxonomy":"post_tag","embeddable":true,"href":"https:\/\/www.kulturwissenschaften.de\/en\/wp-json\/wp\/v2\/tags?post=19817"}],"curies":[{"name":"wp","href":"https:\/\/api.w.org\/{rel}","templated":true}]}}